{"id":950,"date":"2019-06-21T12:29:20","date_gmt":"2019-06-21T10:29:20","guid":{"rendered":"http:\/\/centroformazione.net\/it\/?p=950"},"modified":"2021-01-19T12:41:53","modified_gmt":"2021-01-19T11:41:53","slug":"i-comportamenti-umani-nella-modellazione-dellevacuazione-antincendio","status":"publish","type":"post","link":"https:\/\/www.centroformazione.net\/it\/2019\/06\/21\/i-comportamenti-umani-nella-modellazione-dellevacuazione-antincendio\/","title":{"rendered":"I COMPORTAMENTI UMANI NELLA MODELLAZIONE DELL\u2019EVACUAZIONE ANTINCENDIO (6 ore)"},"content":{"rendered":"<p><div class=\"fusion-fullwidth fullwidth-box fusion-builder-row-1 nonhundred-percent-fullwidth non-hundred-percent-height-scrolling\" style=\"--awb-border-radius-top-left:0px;--awb-border-radius-top-right:0px;--awb-border-radius-bottom-right:0px;--awb-border-radius-bottom-left:0px;--awb-flex-wrap:wrap;\" ><div class=\"fusion-builder-row fusion-row\"><div class=\"fusion-layout-column fusion_builder_column fusion-builder-column-0 fusion_builder_column_1_2 1_2 fusion-one-half fusion-column-first\" style=\"--awb-bg-size:cover;width:50%;width:calc(50% - ( ( 4% ) * 0.5 ) );margin-right: 4%;\"><div class=\"fusion-column-wrapper fusion-flex-column-wrapper-legacy\"><div class=\"fusion-text fusion-text-1\"><h2><strong>PROGRAMMA DEL CORSO:<\/strong><\/h2>\n<p><em>Il corso \u00e8 in lingua italiana\u00a0e il materiale didattico \u00e8 in lingua inglese<\/em><\/p>\n<p style=\"padding-left: 40px;\"><strong>Human Behavior in Fire<\/strong><\/p>\n<ul>\n<li style=\"list-style-type: none;\">\n<ul>\n<li>Lecture 0: Introduzione al corso<\/li>\n<li>Lecture 1.1: Human Behaviour in fire theories part 1<\/li>\n<li>Lecture 1.2: Human Behaviour in fire theories part 2<\/li>\n<li>Lecture 1.3: Selecting occupant behavioural scenarios<\/li>\n<li>Lecture 1.4: Movement through smoke<\/li>\n<li>Lecture 1.5: New technologies to study\u00a0 human behaviour in fire<\/li>\n<li>Lecture 1.6: Analysis of a fire evacuation incident<\/li>\n<\/ul>\n<\/li>\n<\/ul>\n<p><strong>A seguito della frequenza a questo corso \u00e8 possibile inserirsi al corso completo LE MODELLAZIONI PER L&#8217;EVACUAZIONE ANTINCENDIO. Ulteriori informazioni e iscrizioni <a href=\"http:\/\/www.centrodiformazionests.it\/corsi\/le-modellazioni-per-lrsquoevacuazion-e-antincendio-1936.html\">cliccando qui.<\/a><\/strong><\/p>\n<\/div><div class=\"fusion-clearfix\"><\/div><\/div><\/div><div class=\"fusion-layout-column fusion_builder_column fusion-builder-column-1 fusion_builder_column_1_2 1_2 fusion-one-half fusion-column-last\" style=\"--awb-bg-size:cover;width:50%;width:calc(50% - ( ( 4% ) * 0.5 ) );\"><div class=\"fusion-column-wrapper fusion-flex-column-wrapper-legacy\"><div class=\"fusion-fa-align-left\"><i class=\"fb-icon-element-1 fb-icon-element fontawesome-icon fa fa-eur circle-yes\" style=\"--awb-circlecolor:#f44336;--awb-circlecolor-hover:#f44336;--awb-circlebordercolor:#f44336;--awb-circlebordercolor-hover:#f44336;--awb-circlebordersize:1px;--awb-font-size:28.16px;--awb-width:56.32px;--awb-height:56.32px;--awb-line-height:54.32px;--awb-margin-right:16px;\"><\/i><\/div><div class=\"fusion-text fusion-text-2\"><h3><b>COSTO DEL CORSO ONLINE:<\/b><br \/>\n\u20ac 150,00 + 22% IVA<\/h3>\n<\/div><div class=\"fusion-sep-clear\"><\/div><div class=\"fusion-separator fusion-full-width-sep\" style=\"margin-left: auto;margin-right: auto;margin-top:25px;margin-bottom:25px;width:100%;\"><\/div><div class=\"fusion-sep-clear\"><\/div><div class=\"fusion-fa-align-left\"><i class=\"fb-icon-element-2 fb-icon-element fontawesome-icon fa fa-clock-o circle-yes\" style=\"--awb-circlecolor:#f44336;--awb-circlecolor-hover:#f44336;--awb-circlebordercolor:#f44336;--awb-circlebordercolor-hover:#f44336;--awb-circlebordersize:1px;--awb-font-size:28.16px;--awb-width:56.32px;--awb-height:56.32px;--awb-line-height:54.32px;--awb-margin-right:16px;\"><\/i><\/div><div class=\"fusion-text fusion-text-3\"><h3><strong>DURATA DEL CORSO: 6 ORE<br \/>\n<\/strong>Una volta attivato il corso (l\u2019attivazione avviene effettuando il primo accesso) si hanno 60 giorni di tempo per concluderlo. La frequenza al corso deve essere comunque conclusa entro 6 mesi dalla data di acquisto.<\/h3>\n<\/div><div class=\"fusion-sep-clear\"><\/div><div class=\"fusion-separator fusion-full-width-sep\" style=\"margin-left: auto;margin-right: auto;margin-top:25px;margin-bottom:25px;width:100%;\"><\/div><div class=\"fusion-sep-clear\"><\/div><i class=\"fb-icon-element-3 fb-icon-element fontawesome-icon fa fa-bookmark circle-yes fusion-text-flow\" style=\"--awb-circlecolor:#f44336;--awb-circlecolor-hover:#f44336;--awb-circlebordercolor:#f44336;--awb-circlebordercolor-hover:#f44336;--awb-circlebordersize:1px;--awb-font-size:28.16px;--awb-width:56.32px;--awb-height:56.32px;--awb-line-height:54.32px;--awb-margin-right:16px;\"><\/i><div class=\"fusion-text fusion-text-4\"><h3><strong>ACCREDITAMENTI:<\/strong><\/h3>\n<h3>Il corso non \u00e8 valido per l&#8217;aggiornamento dei professionisti antincendio.<\/h3>\n<h3>Per richiedere ulteriori informazioni per i Crediti Formativi Professionali contattare la nostra segreteria<em> (info@centrodiformazionests.it tel. 0498809842)<\/em>.<\/h3>\n<\/div><div class=\"fusion-sep-clear\"><\/div><div class=\"fusion-separator fusion-full-width-sep\" style=\"margin-left: auto;margin-right: auto;margin-top:25px;margin-bottom:25px;width:100%;\"><\/div><div class=\"fusion-sep-clear\"><\/div><div class=\"fusion-align-block\"><a class=\"fusion-button button-flat button-xlarge button-custom fusion-button-default button-1 fusion-button-span-yes fusion-button-default-type fusion-has-button-gradient\" style=\"--button_accent_color:#ffffff;--button_accent_hover_color:#ffffff;--button_border_hover_color:#ffffff;--button_gradient_top_color:#f44336;--button_gradient_bottom_color:#f41e0e;--button_gradient_top_color_hover:#8bc34a;--button_gradient_bottom_color_hover:#77c122;\" target=\"_self\" href=\"https:\/\/www.centroformazione.net\/formazione-a-distanza\/172\/i-comportamenti-umani-nella-modellazione-dellevacuazione-antincendio\/iscrizione\"><span class=\"fusion-button-text\">ISCRIVITI<\/span><\/a><\/div><div class=\"fusion-sep-clear\"><\/div><div class=\"fusion-separator fusion-full-width-sep\" style=\"margin-left: auto;margin-right: auto;margin-top:25px;margin-bottom:25px;width:100%;\"><\/div><div class=\"fusion-sep-clear\"><\/div><div class=\"fusion-align-block\"><a class=\"fusion-button button-flat button-xlarge button-custom fusion-button-default button-2 fusion-button-span-yes fusion-button-default-type fusion-has-button-gradient\" style=\"--button_accent_color:#ffffff;--button_accent_hover_color:#ffffff;--button_border_hover_color:#ffffff;--button_gradient_top_color:#8bc34a;--button_gradient_bottom_color:#8bc34a;--button_gradient_top_color_hover:#8bc34a;--button_gradient_bottom_color_hover:#77c122;\" target=\"_self\" href=\"https:\/\/www.centroformazione.net\/formazione-a-distanza\/172\/i-comportamenti-umani-nella-modellazione-dellevacuazione-antincendio\"><span class=\"fusion-button-text\">SEI GIA&#8217; ISCRITTO? CLICCA QUI PER ACCEDERE<\/span><\/a><\/div><div class=\"fusion-clearfix\"><\/div><\/div><\/div><\/div><\/div><div class=\"fusion-fullwidth fullwidth-box fusion-builder-row-2 nonhundred-percent-fullwidth non-hundred-percent-height-scrolling\" style=\"--awb-border-radius-top-left:0px;--awb-border-radius-top-right:0px;--awb-border-radius-bottom-right:0px;--awb-border-radius-bottom-left:0px;--awb-flex-wrap:wrap;\" ><div class=\"fusion-builder-row fusion-row\"><div class=\"fusion-layout-column fusion_builder_column fusion-builder-column-2 fusion_builder_column_1_1 1_1 fusion-one-full fusion-column-first fusion-column-last\" style=\"--awb-bg-size:cover;\"><div class=\"fusion-column-wrapper fusion-flex-column-wrapper-legacy\"><div class=\"fusion-clearfix\"><\/div><\/div><\/div><\/div><\/div><div class=\"fusion-fullwidth fullwidth-box fusion-builder-row-3 nonhundred-percent-fullwidth non-hundred-percent-height-scrolling\" style=\"--awb-border-radius-top-left:0px;--awb-border-radius-top-right:0px;--awb-border-radius-bottom-right:0px;--awb-border-radius-bottom-left:0px;--awb-flex-wrap:wrap;\" ><div class=\"fusion-builder-row fusion-row\"><div class=\"fusion-layout-column fusion_builder_column fusion-builder-column-3 fusion_builder_column_1_3 1_3 fusion-one-third fusion-column-first\" style=\"--awb-bg-size:cover;width:33.333333333333%;width:calc(33.333333333333% - ( ( 4% + 4% ) * 0.33333333333333 ) );margin-right: 4%;\"><div class=\"fusion-column-wrapper fusion-flex-column-wrapper-legacy\"><i class=\"fb-icon-element-4 fb-icon-element fontawesome-icon fa fa-laptop circle-yes fusion-text-flow\" style=\"--awb-circlecolor:#f44336;--awb-circlecolor-hover:#f44336;--awb-circlebordercolor:#f44336;--awb-circlebordercolor-hover:#f44336;--awb-circlebordersize:1px;--awb-font-size:28.16px;--awb-width:56.32px;--awb-height:56.32px;--awb-line-height:54.32px;--awb-margin-right:16px;\"><\/i><div class=\"fusion-text fusion-text-5\"><p><b>REQUISITI DI SISTEMA: <\/b><br \/>\n&#8211; Un computer desktop con un browser tra: Edge\/ Firefox \/ Chrome<br \/>\n&#8211; Un tablet iPad con IOS 10 o superiore, oppure tablet Android versione 7 o superiore e browser Chrome<br \/>\n&#8211; Non \u00e8 possibile seguire il corso tramite smartphone<\/p>\n<\/div><i class=\"fb-icon-element-5 fb-icon-element fontawesome-icon fa fa-user circle-yes fusion-text-flow\" style=\"--awb-circlecolor:#f44336;--awb-circlecolor-hover:#f44336;--awb-circlebordercolor:#f44336;--awb-circlebordercolor-hover:#f44336;--awb-circlebordersize:1px;--awb-font-size:28.16px;--awb-width:56.32px;--awb-height:56.32px;--awb-line-height:54.32px;--awb-margin-right:16px;\"><\/i><div class=\"fusion-text fusion-text-6\"><p><strong>DOCENTE:<\/strong><br \/>\n<i>Ingegnere Enrico Ronchi<\/i><br \/>\nDocente di Evacuation Modelling presso il Department of Fire Safety Engineering della Lund University, (Sweden)<\/p>\n<\/div><i class=\"fb-icon-element-6 fb-icon-element fontawesome-icon fa fa-podcast circle-yes fusion-text-flow\" style=\"--awb-circlecolor:#f44336;--awb-circlecolor-hover:#f44336;--awb-circlebordercolor:#f44336;--awb-circlebordercolor-hover:#f44336;--awb-circlebordersize:1px;--awb-font-size:28.16px;--awb-width:56.32px;--awb-height:56.32px;--awb-line-height:54.32px;--awb-margin-right:16px;\"><\/i><div class=\"fusion-text fusion-text-7\"><p><strong>SISTEMA DI VERIFICA PRESENZA:<\/strong><br \/>\nL&#8217;effettiva presenza davanti al computer durante la visione dei video viene verificata attraverso semplici domande (di tipo vero\/falso) attinenti agli argomenti del corso, che compaiono a intervalli casuali e che necessitano di risposta da parte del partecipante.<\/p>\n<\/div><div class=\"fusion-clearfix\"><\/div><\/div><\/div><div class=\"fusion-layout-column fusion_builder_column fusion-builder-column-4 fusion_builder_column_1_3 1_3 fusion-one-third\" style=\"--awb-bg-size:cover;width:33.333333333333%;width:calc(33.333333333333% - ( ( 4% + 4% ) * 0.33333333333333 ) );margin-right: 4%;\"><div class=\"fusion-column-wrapper fusion-flex-column-wrapper-legacy\"><i class=\"fb-icon-element-7 fb-icon-element fontawesome-icon fa fa-check-square-o circle-yes fusion-text-flow\" style=\"--awb-circlecolor:#f44336;--awb-circlecolor-hover:#f44336;--awb-circlebordercolor:#f44336;--awb-circlebordercolor-hover:#f44336;--awb-circlebordersize:1px;--awb-font-size:28.16px;--awb-width:56.32px;--awb-height:56.32px;--awb-line-height:54.32px;--awb-margin-right:16px;\"><\/i><div class=\"fusion-text fusion-text-8\"><p><strong>ATTESTATO DI FREQUENZA:<\/strong><\/p>\n<p>Al termine di tutti i moduli previsti, a superamento della verifica finale, sar\u00e0\u00a0possibile ricevere l&#8217;attestato di frequenza e valutazione personalizzato. Solitamente l&#8217;attestato viene inviato tramite mail entro la fine del mese successivo alla conclusione del corso.<\/p>\n<\/div><div class=\"fusion-fa-align-left\"><i class=\"fb-icon-element-8 fb-icon-element fontawesome-icon fa fa-calendar-times-o circle-yes\" style=\"--awb-circlecolor:#f44336;--awb-circlecolor-hover:#f44336;--awb-circlebordercolor:#f44336;--awb-circlebordercolor-hover:#f44336;--awb-circlebordersize:1px;--awb-font-size:28.16px;--awb-width:56.32px;--awb-height:56.32px;--awb-line-height:54.32px;--awb-margin-right:16px;\"><\/i><\/div><div class=\"fusion-text fusion-text-9\"><p><b>TEMPO DI FRUIZIONE DEL CORSO:<\/b><br \/>\nIl corso \u00e8 fruibile per 60 giorni dalla data di primo accesso e visualizzabile una sola volta. Allo scadere del termine indicato, l&#8217;eventuale stato di avanzamento della visualizzazione del corso non sar\u00e0 memorizzato e il servizio non sar\u00e0 pi\u00f9 fruibile.<\/p>\n<\/div><div class=\"fusion-clearfix\"><\/div><\/div><\/div><div class=\"fusion-layout-column fusion_builder_column fusion-builder-column-5 fusion_builder_column_1_3 1_3 fusion-one-third fusion-column-last\" style=\"--awb-bg-size:cover;width:33.333333333333%;width:calc(33.333333333333% - ( ( 4% + 4% ) * 0.33333333333333 ) );\"><div class=\"fusion-column-wrapper fusion-flex-column-wrapper-legacy\"><div class=\"fusion-fa-align-left\"><i class=\"fb-icon-element-9 fb-icon-element fontawesome-icon fa-book fas circle-yes\" style=\"--awb-circlecolor:#f44336;--awb-circlecolor-hover:#f44336;--awb-circlebordercolor:#f44336;--awb-circlebordercolor-hover:#f44336;--awb-circlebordersize:1px;--awb-font-size:28.16px;--awb-width:56.32px;--awb-height:56.32px;--awb-line-height:54.32px;--awb-margin-right:16px;\"><\/i><\/div><div class=\"fusion-text fusion-text-10\"><p><strong>MATERIALE DIDATTICO:<\/strong><\/p>\n<p>Il materiale didattico sar\u00e0 reso disponibile una volta conclusa la visione di tutti i moduli.<\/p>\n<\/div><div class=\"fusion-fa-align-left\"><i class=\"fb-icon-element-10 fb-icon-element fontawesome-icon fa-clipboard-check fas circle-yes\" style=\"--awb-circlecolor:#f44336;--awb-circlecolor-hover:#f44336;--awb-circlebordercolor:#f44336;--awb-circlebordercolor-hover:#f44336;--awb-circlebordersize:1px;--awb-font-size:28.16px;--awb-width:56.32px;--awb-height:56.32px;--awb-line-height:54.32px;--awb-margin-right:16px;\"><\/i><\/div><div class=\"fusion-text fusion-text-11\"><p><strong>VERIFICA DELL&#8217;APPRENDIMENTO:<\/strong><\/p>\n<p>Al termine di tutti i moduli si accede al test di valutazione finale strutturato con domande a risposta multipla. Per superarlo, \u00e8 necessario rispondere correttamente ad almeno l&#8217;80% delle domande altrimenti \u00e8 necessario rivedere i moduli interessati alle domande errate e poi effettuare nuovamente il test.<\/p>\n<p>Ogni volta che si effettua il test finale le domande possono essere diverse in quanto estratte casualmente dall&#8217;archivio.<\/p>\n<p>Il test pu\u00f2 essere effettuato al massimo per tre volte. Superato questo limite sar\u00e0 necessario rifrequentare il corso.<\/p>\n<\/div><div class=\"fusion-clearfix\"><\/div><\/div><\/div><div class=\"fusion-layout-column fusion_builder_column fusion-builder-column-6 fusion_builder_column_1_1 1_1 fusion-one-full fusion-column-first fusion-column-last\" style=\"--awb-bg-size:cover;\"><div class=\"fusion-column-wrapper fusion-flex-column-wrapper-legacy\"><div class=\"fusion-clearfix\"><\/div><\/div><\/div><\/div><\/div><\/p>\n","protected":false},"excerpt":{"rendered":"","protected":false},"author":1,"featured_media":952,"comment_status":"closed","ping_status":"open","sticky":false,"template":"","format":"standard","meta":{"footnotes":""},"categories":[19,68],"tags":[75,26,42],"class_list":["post-950","post","type-post","status-publish","format-standard","has-post-thumbnail","hentry","category-corsi-per-ingegneri","category-corsi-per-ingegneri-senza-cfp","tag-antincendio","tag-corso","tag-ingegneri"],"yoast_head":"<!-- This site is optimized with the Yoast SEO plugin v24.2 - https:\/\/yoast.com\/wordpress\/plugins\/seo\/ -->\n<title>I COMPORTAMENTI UMANI NELLA MODELLAZIONE DELL\u2019EVACUAZIONE ANTINCENDIO (6 ore) - Centro Formazione<\/title>\n<meta name=\"robots\" content=\"index, follow, max-snippet:-1, max-image-preview:large, max-video-preview:-1\" \/>\n<link rel=\"canonical\" href=\"https:\/\/www.centroformazione.net\/it\/2019\/06\/21\/i-comportamenti-umani-nella-modellazione-dellevacuazione-antincendio\/\" \/>\n<meta property=\"og:locale\" content=\"it_IT\" \/>\n<meta property=\"og:type\" content=\"article\" \/>\n<meta property=\"og:title\" content=\"I COMPORTAMENTI UMANI NELLA MODELLAZIONE DELL\u2019EVACUAZIONE ANTINCENDIO (6 ore) - Centro Formazione\" \/>\n<meta property=\"og:url\" content=\"https:\/\/www.centroformazione.net\/it\/2019\/06\/21\/i-comportamenti-umani-nella-modellazione-dellevacuazione-antincendio\/\" \/>\n<meta property=\"og:site_name\" content=\"Centro Formazione\" \/>\n<meta property=\"article:published_time\" content=\"2019-06-21T10:29:20+00:00\" \/>\n<meta property=\"article:modified_time\" content=\"2021-01-19T11:41:53+00:00\" \/>\n<meta property=\"og:image\" content=\"https:\/\/www.centroformazione.net\/it\/wp-content\/uploads\/2019\/06\/FAD-I-COMPORTAMENTI-UMANI-NELLA-MODELLAZIONE-DELL\u2019EVACUAZIONE-ANTINCENDIO.jpg\" \/>\n\t<meta property=\"og:image:width\" content=\"1920\" \/>\n\t<meta property=\"og:image:height\" content=\"350\" \/>\n\t<meta property=\"og:image:type\" content=\"image\/jpeg\" \/>\n<meta name=\"author\" content=\"admin\" \/>\n<meta name=\"twitter:card\" content=\"summary_large_image\" \/>\n<meta name=\"twitter:label1\" content=\"Scritto da\" \/>\n\t<meta name=\"twitter:data1\" content=\"admin\" \/>\n\t<meta name=\"twitter:label2\" content=\"Tempo di lettura stimato\" \/>\n\t<meta name=\"twitter:data2\" content=\"11 minuti\" \/>\n<script type=\"application\/ld+json\" class=\"yoast-schema-graph\">{\"@context\":\"https:\/\/schema.org\",\"@graph\":[{\"@type\":\"Article\",\"@id\":\"https:\/\/www.centroformazione.net\/it\/2019\/06\/21\/i-comportamenti-umani-nella-modellazione-dellevacuazione-antincendio\/#article\",\"isPartOf\":{\"@id\":\"https:\/\/www.centroformazione.net\/it\/2019\/06\/21\/i-comportamenti-umani-nella-modellazione-dellevacuazione-antincendio\/\"},\"author\":{\"name\":\"admin\",\"@id\":\"https:\/\/www.centroformazione.net\/it\/#\/schema\/person\/03ecfb68261c4f7b8af5411a8351e847\"},\"headline\":\"I COMPORTAMENTI UMANI NELLA MODELLAZIONE DELL\u2019EVACUAZIONE ANTINCENDIO (6 ore)\",\"datePublished\":\"2019-06-21T10:29:20+00:00\",\"dateModified\":\"2021-01-19T11:41:53+00:00\",\"mainEntityOfPage\":{\"@id\":\"https:\/\/www.centroformazione.net\/it\/2019\/06\/21\/i-comportamenti-umani-nella-modellazione-dellevacuazione-antincendio\/\"},\"wordCount\":2138,\"publisher\":{\"@id\":\"https:\/\/www.centroformazione.net\/it\/#organization\"},\"image\":{\"@id\":\"https:\/\/www.centroformazione.net\/it\/2019\/06\/21\/i-comportamenti-umani-nella-modellazione-dellevacuazione-antincendio\/#primaryimage\"},\"thumbnailUrl\":\"https:\/\/www.centroformazione.net\/it\/wp-content\/uploads\/2019\/06\/FAD-I-COMPORTAMENTI-UMANI-NELLA-MODELLAZIONE-DELL\u2019EVACUAZIONE-ANTINCENDIO.jpg\",\"keywords\":[\"antincendio\",\"corso\",\"ingegneri\"],\"articleSection\":[\"Corsi per Ingegneri\",\"Corsi per Ingegneri senza CFP\"],\"inLanguage\":\"it-IT\"},{\"@type\":\"WebPage\",\"@id\":\"https:\/\/www.centroformazione.net\/it\/2019\/06\/21\/i-comportamenti-umani-nella-modellazione-dellevacuazione-antincendio\/\",\"url\":\"https:\/\/www.centroformazione.net\/it\/2019\/06\/21\/i-comportamenti-umani-nella-modellazione-dellevacuazione-antincendio\/\",\"name\":\"I COMPORTAMENTI UMANI NELLA MODELLAZIONE DELL\u2019EVACUAZIONE ANTINCENDIO (6 ore) - Centro Formazione\",\"isPartOf\":{\"@id\":\"https:\/\/www.centroformazione.net\/it\/#website\"},\"primaryImageOfPage\":{\"@id\":\"https:\/\/www.centroformazione.net\/it\/2019\/06\/21\/i-comportamenti-umani-nella-modellazione-dellevacuazione-antincendio\/#primaryimage\"},\"image\":{\"@id\":\"https:\/\/www.centroformazione.net\/it\/2019\/06\/21\/i-comportamenti-umani-nella-modellazione-dellevacuazione-antincendio\/#primaryimage\"},\"thumbnailUrl\":\"https:\/\/www.centroformazione.net\/it\/wp-content\/uploads\/2019\/06\/FAD-I-COMPORTAMENTI-UMANI-NELLA-MODELLAZIONE-DELL\u2019EVACUAZIONE-ANTINCENDIO.jpg\",\"datePublished\":\"2019-06-21T10:29:20+00:00\",\"dateModified\":\"2021-01-19T11:41:53+00:00\",\"breadcrumb\":{\"@id\":\"https:\/\/www.centroformazione.net\/it\/2019\/06\/21\/i-comportamenti-umani-nella-modellazione-dellevacuazione-antincendio\/#breadcrumb\"},\"inLanguage\":\"it-IT\",\"potentialAction\":[{\"@type\":\"ReadAction\",\"target\":[\"https:\/\/www.centroformazione.net\/it\/2019\/06\/21\/i-comportamenti-umani-nella-modellazione-dellevacuazione-antincendio\/\"]}]},{\"@type\":\"ImageObject\",\"inLanguage\":\"it-IT\",\"@id\":\"https:\/\/www.centroformazione.net\/it\/2019\/06\/21\/i-comportamenti-umani-nella-modellazione-dellevacuazione-antincendio\/#primaryimage\",\"url\":\"https:\/\/www.centroformazione.net\/it\/wp-content\/uploads\/2019\/06\/FAD-I-COMPORTAMENTI-UMANI-NELLA-MODELLAZIONE-DELL\u2019EVACUAZIONE-ANTINCENDIO.jpg\",\"contentUrl\":\"https:\/\/www.centroformazione.net\/it\/wp-content\/uploads\/2019\/06\/FAD-I-COMPORTAMENTI-UMANI-NELLA-MODELLAZIONE-DELL\u2019EVACUAZIONE-ANTINCENDIO.jpg\",\"width\":1920,\"height\":350},{\"@type\":\"BreadcrumbList\",\"@id\":\"https:\/\/www.centroformazione.net\/it\/2019\/06\/21\/i-comportamenti-umani-nella-modellazione-dellevacuazione-antincendio\/#breadcrumb\",\"itemListElement\":[{\"@type\":\"ListItem\",\"position\":1,\"name\":\"Home\",\"item\":\"https:\/\/www.centroformazione.net\/it\/\"},{\"@type\":\"ListItem\",\"position\":2,\"name\":\"I COMPORTAMENTI UMANI NELLA MODELLAZIONE DELL\u2019EVACUAZIONE ANTINCENDIO (6 ore)\"}]},{\"@type\":\"WebSite\",\"@id\":\"https:\/\/www.centroformazione.net\/it\/#website\",\"url\":\"https:\/\/www.centroformazione.net\/it\/\",\"name\":\"Centro Formazione\",\"description\":\"Il sito di Centro di Formazione STS dedicato alla FAD\",\"publisher\":{\"@id\":\"https:\/\/www.centroformazione.net\/it\/#organization\"},\"potentialAction\":[{\"@type\":\"SearchAction\",\"target\":{\"@type\":\"EntryPoint\",\"urlTemplate\":\"https:\/\/www.centroformazione.net\/it\/?s={search_term_string}\"},\"query-input\":{\"@type\":\"PropertyValueSpecification\",\"valueRequired\":true,\"valueName\":\"search_term_string\"}}],\"inLanguage\":\"it-IT\"},{\"@type\":\"Organization\",\"@id\":\"https:\/\/www.centroformazione.net\/it\/#organization\",\"name\":\"Centro Formazione\",\"url\":\"https:\/\/www.centroformazione.net\/it\/\",\"logo\":{\"@type\":\"ImageObject\",\"inLanguage\":\"it-IT\",\"@id\":\"https:\/\/www.centroformazione.net\/it\/#\/schema\/logo\/image\/\",\"url\":\"https:\/\/www.centroformazione.net\/it\/wp-content\/uploads\/2025\/01\/Logo-CF-Rettangolare.png\",\"contentUrl\":\"https:\/\/www.centroformazione.net\/it\/wp-content\/uploads\/2025\/01\/Logo-CF-Rettangolare.png\",\"width\":500,\"height\":130,\"caption\":\"Centro Formazione\"},\"image\":{\"@id\":\"https:\/\/www.centroformazione.net\/it\/#\/schema\/logo\/image\/\"}},{\"@type\":\"Person\",\"@id\":\"https:\/\/www.centroformazione.net\/it\/#\/schema\/person\/03ecfb68261c4f7b8af5411a8351e847\",\"name\":\"admin\",\"image\":{\"@type\":\"ImageObject\",\"inLanguage\":\"it-IT\",\"@id\":\"https:\/\/www.centroformazione.net\/it\/#\/schema\/person\/image\/\",\"url\":\"https:\/\/secure.gravatar.com\/avatar\/ffac3992d6100d6cd45b8051be14d2434d374365dc7e5465990ffdc327005d7d?s=96&d=mm&r=g\",\"contentUrl\":\"https:\/\/secure.gravatar.com\/avatar\/ffac3992d6100d6cd45b8051be14d2434d374365dc7e5465990ffdc327005d7d?s=96&d=mm&r=g\",\"caption\":\"admin\"},\"url\":\"https:\/\/www.centroformazione.net\/it\/author\/cfsts\/\"}]}<\/script>\n<!-- \/ Yoast SEO plugin. -->","yoast_head_json":{"title":"I COMPORTAMENTI UMANI NELLA MODELLAZIONE DELL\u2019EVACUAZIONE ANTINCENDIO (6 ore) - Centro Formazione","robots":{"index":"index","follow":"follow","max-snippet":"max-snippet:-1","max-image-preview":"max-image-preview:large","max-video-preview":"max-video-preview:-1"},"canonical":"https:\/\/www.centroformazione.net\/it\/2019\/06\/21\/i-comportamenti-umani-nella-modellazione-dellevacuazione-antincendio\/","og_locale":"it_IT","og_type":"article","og_title":"I COMPORTAMENTI UMANI NELLA MODELLAZIONE DELL\u2019EVACUAZIONE ANTINCENDIO (6 ore) - Centro Formazione","og_url":"https:\/\/www.centroformazione.net\/it\/2019\/06\/21\/i-comportamenti-umani-nella-modellazione-dellevacuazione-antincendio\/","og_site_name":"Centro Formazione","article_published_time":"2019-06-21T10:29:20+00:00","article_modified_time":"2021-01-19T11:41:53+00:00","og_image":[{"width":1920,"height":350,"url":"https:\/\/www.centroformazione.net\/it\/wp-content\/uploads\/2019\/06\/FAD-I-COMPORTAMENTI-UMANI-NELLA-MODELLAZIONE-DELL\u2019EVACUAZIONE-ANTINCENDIO.jpg","type":"image\/jpeg"}],"author":"admin","twitter_card":"summary_large_image","twitter_misc":{"Scritto da":"admin","Tempo di lettura stimato":"11 minuti"},"schema":{"@context":"https:\/\/schema.org","@graph":[{"@type":"Article","@id":"https:\/\/www.centroformazione.net\/it\/2019\/06\/21\/i-comportamenti-umani-nella-modellazione-dellevacuazione-antincendio\/#article","isPartOf":{"@id":"https:\/\/www.centroformazione.net\/it\/2019\/06\/21\/i-comportamenti-umani-nella-modellazione-dellevacuazione-antincendio\/"},"author":{"name":"admin","@id":"https:\/\/www.centroformazione.net\/it\/#\/schema\/person\/03ecfb68261c4f7b8af5411a8351e847"},"headline":"I COMPORTAMENTI UMANI NELLA MODELLAZIONE DELL\u2019EVACUAZIONE ANTINCENDIO (6 ore)","datePublished":"2019-06-21T10:29:20+00:00","dateModified":"2021-01-19T11:41:53+00:00","mainEntityOfPage":{"@id":"https:\/\/www.centroformazione.net\/it\/2019\/06\/21\/i-comportamenti-umani-nella-modellazione-dellevacuazione-antincendio\/"},"wordCount":2138,"publisher":{"@id":"https:\/\/www.centroformazione.net\/it\/#organization"},"image":{"@id":"https:\/\/www.centroformazione.net\/it\/2019\/06\/21\/i-comportamenti-umani-nella-modellazione-dellevacuazione-antincendio\/#primaryimage"},"thumbnailUrl":"https:\/\/www.centroformazione.net\/it\/wp-content\/uploads\/2019\/06\/FAD-I-COMPORTAMENTI-UMANI-NELLA-MODELLAZIONE-DELL\u2019EVACUAZIONE-ANTINCENDIO.jpg","keywords":["antincendio","corso","ingegneri"],"articleSection":["Corsi per Ingegneri","Corsi per Ingegneri senza CFP"],"inLanguage":"it-IT"},{"@type":"WebPage","@id":"https:\/\/www.centroformazione.net\/it\/2019\/06\/21\/i-comportamenti-umani-nella-modellazione-dellevacuazione-antincendio\/","url":"https:\/\/www.centroformazione.net\/it\/2019\/06\/21\/i-comportamenti-umani-nella-modellazione-dellevacuazione-antincendio\/","name":"I COMPORTAMENTI UMANI NELLA MODELLAZIONE DELL\u2019EVACUAZIONE ANTINCENDIO (6 ore) - Centro Formazione","isPartOf":{"@id":"https:\/\/www.centroformazione.net\/it\/#website"},"primaryImageOfPage":{"@id":"https:\/\/www.centroformazione.net\/it\/2019\/06\/21\/i-comportamenti-umani-nella-modellazione-dellevacuazione-antincendio\/#primaryimage"},"image":{"@id":"https:\/\/www.centroformazione.net\/it\/2019\/06\/21\/i-comportamenti-umani-nella-modellazione-dellevacuazione-antincendio\/#primaryimage"},"thumbnailUrl":"https:\/\/www.centroformazione.net\/it\/wp-content\/uploads\/2019\/06\/FAD-I-COMPORTAMENTI-UMANI-NELLA-MODELLAZIONE-DELL\u2019EVACUAZIONE-ANTINCENDIO.jpg","datePublished":"2019-06-21T10:29:20+00:00","dateModified":"2021-01-19T11:41:53+00:00","breadcrumb":{"@id":"https:\/\/www.centroformazione.net\/it\/2019\/06\/21\/i-comportamenti-umani-nella-modellazione-dellevacuazione-antincendio\/#breadcrumb"},"inLanguage":"it-IT","potentialAction":[{"@type":"ReadAction","target":["https:\/\/www.centroformazione.net\/it\/2019\/06\/21\/i-comportamenti-umani-nella-modellazione-dellevacuazione-antincendio\/"]}]},{"@type":"ImageObject","inLanguage":"it-IT","@id":"https:\/\/www.centroformazione.net\/it\/2019\/06\/21\/i-comportamenti-umani-nella-modellazione-dellevacuazione-antincendio\/#primaryimage","url":"https:\/\/www.centroformazione.net\/it\/wp-content\/uploads\/2019\/06\/FAD-I-COMPORTAMENTI-UMANI-NELLA-MODELLAZIONE-DELL\u2019EVACUAZIONE-ANTINCENDIO.jpg","contentUrl":"https:\/\/www.centroformazione.net\/it\/wp-content\/uploads\/2019\/06\/FAD-I-COMPORTAMENTI-UMANI-NELLA-MODELLAZIONE-DELL\u2019EVACUAZIONE-ANTINCENDIO.jpg","width":1920,"height":350},{"@type":"BreadcrumbList","@id":"https:\/\/www.centroformazione.net\/it\/2019\/06\/21\/i-comportamenti-umani-nella-modellazione-dellevacuazione-antincendio\/#breadcrumb","itemListElement":[{"@type":"ListItem","position":1,"name":"Home","item":"https:\/\/www.centroformazione.net\/it\/"},{"@type":"ListItem","position":2,"name":"I COMPORTAMENTI UMANI NELLA MODELLAZIONE DELL\u2019EVACUAZIONE ANTINCENDIO (6 ore)"}]},{"@type":"WebSite","@id":"https:\/\/www.centroformazione.net\/it\/#website","url":"https:\/\/www.centroformazione.net\/it\/","name":"Centro Formazione","description":"Il sito di Centro di Formazione STS dedicato alla FAD","publisher":{"@id":"https:\/\/www.centroformazione.net\/it\/#organization"},"potentialAction":[{"@type":"SearchAction","target":{"@type":"EntryPoint","urlTemplate":"https:\/\/www.centroformazione.net\/it\/?s={search_term_string}"},"query-input":{"@type":"PropertyValueSpecification","valueRequired":true,"valueName":"search_term_string"}}],"inLanguage":"it-IT"},{"@type":"Organization","@id":"https:\/\/www.centroformazione.net\/it\/#organization","name":"Centro Formazione","url":"https:\/\/www.centroformazione.net\/it\/","logo":{"@type":"ImageObject","inLanguage":"it-IT","@id":"https:\/\/www.centroformazione.net\/it\/#\/schema\/logo\/image\/","url":"https:\/\/www.centroformazione.net\/it\/wp-content\/uploads\/2025\/01\/Logo-CF-Rettangolare.png","contentUrl":"https:\/\/www.centroformazione.net\/it\/wp-content\/uploads\/2025\/01\/Logo-CF-Rettangolare.png","width":500,"height":130,"caption":"Centro Formazione"},"image":{"@id":"https:\/\/www.centroformazione.net\/it\/#\/schema\/logo\/image\/"}},{"@type":"Person","@id":"https:\/\/www.centroformazione.net\/it\/#\/schema\/person\/03ecfb68261c4f7b8af5411a8351e847","name":"admin","image":{"@type":"ImageObject","inLanguage":"it-IT","@id":"https:\/\/www.centroformazione.net\/it\/#\/schema\/person\/image\/","url":"https:\/\/secure.gravatar.com\/avatar\/ffac3992d6100d6cd45b8051be14d2434d374365dc7e5465990ffdc327005d7d?s=96&d=mm&r=g","contentUrl":"https:\/\/secure.gravatar.com\/avatar\/ffac3992d6100d6cd45b8051be14d2434d374365dc7e5465990ffdc327005d7d?s=96&d=mm&r=g","caption":"admin"},"url":"https:\/\/www.centroformazione.net\/it\/author\/cfsts\/"}]}},"_links":{"self":[{"href":"https:\/\/www.centroformazione.net\/it\/wp-json\/wp\/v2\/posts\/950","targetHints":{"allow":["GET"]}}],"collection":[{"href":"https:\/\/www.centroformazione.net\/it\/wp-json\/wp\/v2\/posts"}],"about":[{"href":"https:\/\/www.centroformazione.net\/it\/wp-json\/wp\/v2\/types\/post"}],"author":[{"embeddable":true,"href":"https:\/\/www.centroformazione.net\/it\/wp-json\/wp\/v2\/users\/1"}],"replies":[{"embeddable":true,"href":"https:\/\/www.centroformazione.net\/it\/wp-json\/wp\/v2\/comments?post=950"}],"version-history":[{"count":7,"href":"https:\/\/www.centroformazione.net\/it\/wp-json\/wp\/v2\/posts\/950\/revisions"}],"predecessor-version":[{"id":1413,"href":"https:\/\/www.centroformazione.net\/it\/wp-json\/wp\/v2\/posts\/950\/revisions\/1413"}],"wp:featuredmedia":[{"embeddable":true,"href":"https:\/\/www.centroformazione.net\/it\/wp-json\/wp\/v2\/media\/952"}],"wp:attachment":[{"href":"https:\/\/www.centroformazione.net\/it\/wp-json\/wp\/v2\/media?parent=950"}],"wp:term":[{"taxonomy":"category","embeddable":true,"href":"https:\/\/www.centroformazione.net\/it\/wp-json\/wp\/v2\/categories?post=950"},{"taxonomy":"post_tag","embeddable":true,"href":"https:\/\/www.centroformazione.net\/it\/wp-json\/wp\/v2\/tags?post=950"}],"curies":[{"name":"wp","href":"https:\/\/api.w.org\/{rel}","templated":true}]}}